{"id":9656,"date":"2016-08-02T16:23:29","date_gmt":"2016-08-02T15:23:29","guid":{"rendered":"http:\/\/www.ptsat.net\/wp\/?p=9656"},"modified":"2016-08-02T16:23:29","modified_gmt":"2016-08-02T15:23:29","slug":"bayern-munique-divulga-a-idade-real-de-renato-sanches","status":"publish","type":"post","link":"https:\/\/www.ptsat.net\/wp\/bayern-munique-divulga-a-idade-real-de-renato-sanches\/","title":{"rendered":"Bayern Munique divulga a idade real de Renato Sanches"},"content":{"rendered":"<h1 class=\"entry-title\">Bayern Munique divulga a idade real de Renato Sanches<\/h1>\n<p><strong>Est\u00e1 desfeito o mist\u00e9rio. Karl-Heinze Rummenigge, presidente do Bayern de Munique, j\u00e1 falou sobre Renato Sanches e acabou com as d\u00favidas sobre a idade do ex-m\u00e9dio do Benfica.<\/strong><\/p>\n<p>\u201c<span class=\"mainText\">Foi muito dinheiro, sem discuss\u00e3o. Mas, em mar\u00e7o, falei com Ancelotti e concord\u00e1mos que valia a pena o risco de pagar tanto por um jogador daqueles. No campeonato da Europa deu para ver a for\u00e7a que [Renato Sanches] tem, al\u00e9m da personalidade que empresta a uma equipa. \u00c9 impressionante<\/span>\u201c, afirmou em entrevista ao jornal <span class=\"mainText\">Munchen Merkur.<\/span><\/p>\n<p>A idade de Renato Sanches foi um tema novamente abordado.\u00a0\u201c<span class=\"mainText\">Confirm\u00e1mos tudo. H\u00e1 documentos como a certid\u00e3o de nascimento, fotografias, v\u00eddeos\u2026 O mi\u00fado tinha acabado de fazer 16 anos e j\u00e1 demonstrava uma for\u00e7a impressionante. E claro, deve ter trabalhado muito no gin\u00e1sio. Tem 18 anos, sem d\u00favida nenhuma<\/span>\u201c, concluiu.<\/p>\n<p>Fonte:remate<\/p>\n","protected":false},"excerpt":{"rendered":"<p>Bayern Munique divulga a idade real de Renato Sanches Est\u00e1 desfeito o mist\u00e9rio. Karl-Heinze Rummenigge, presidente do Bayern de Munique, j\u00e1 falou sobre Renato Sanches e acabou com as d\u00favidas sobre a idade do ex-m\u00e9dio do Benfica. \u201cFoi muito dinheiro, sem discuss\u00e3o. Mas, em mar\u00e7o, falei com Ancelotti e concord\u00e1mos que valia a pena o [&hellip;]<\/p>\n","protected":false},"author":1,"featured_media":0,"comment_status":"open","ping_status":"open","sticky":false,"template":"","format":"standard","meta":{"footnotes":""},"categories":[12,2],"tags":[],"class_list":["post-9656","post","type-post","status-publish","format-standard","hentry","category-futebol","category-noticias"],"_links":{"self":[{"href":"https:\/\/www.ptsat.net\/wp\/wp-json\/wp\/v2\/posts\/9656","targetHints":{"allow":["GET"]}}],"collection":[{"href":"https:\/\/www.ptsat.net\/wp\/wp-json\/wp\/v2\/posts"}],"about":[{"href":"https:\/\/www.ptsat.net\/wp\/wp-json\/wp\/v2\/types\/post"}],"author":[{"embeddable":true,"href":"https:\/\/www.ptsat.net\/wp\/wp-json\/wp\/v2\/users\/1"}],"replies":[{"embeddable":true,"href":"https:\/\/www.ptsat.net\/wp\/wp-json\/wp\/v2\/comments?post=9656"}],"version-history":[{"count":1,"href":"https:\/\/www.ptsat.net\/wp\/wp-json\/wp\/v2\/posts\/9656\/revisions"}],"predecessor-version":[{"id":9657,"href":"https:\/\/www.ptsat.net\/wp\/wp-json\/wp\/v2\/posts\/9656\/revisions\/9657"}],"wp:attachment":[{"href":"https:\/\/www.ptsat.net\/wp\/wp-json\/wp\/v2\/media?parent=9656"}],"wp:term":[{"taxonomy":"category","embeddable":true,"href":"https:\/\/www.ptsat.net\/wp\/wp-json\/wp\/v2\/categories?post=9656"},{"taxonomy":"post_tag","embeddable":true,"href":"https:\/\/www.ptsat.net\/wp\/wp-json\/wp\/v2\/tags?post=9656"}],"curies":[{"name":"wp","href":"https:\/\/api.w.org\/{rel}","templated":true}]}}