{"id":33,"date":"2013-02-04T20:41:10","date_gmt":"2013-02-04T19:41:10","guid":{"rendered":"http:\/\/ptsat.net\/wp\/?p=33"},"modified":"2013-02-04T20:41:10","modified_gmt":"2013-02-04T19:41:10","slug":"adhesion-de-ulepicc-espana-al-manifiesto-de-apoyo-al-investigador-portugues-sergio-denicoli","status":"publish","type":"post","link":"https:\/\/www.ptsat.net\/wp\/adhesion-de-ulepicc-espana-al-manifiesto-de-apoyo-al-investigador-portugues-sergio-denicoli\/","title":{"rendered":"\u201cAdhesi\u00f3n de ULEPICC Espa\u00f1a al manifiesto de apoyo al investigador portugu\u00e9s S\u00e9rgio Denicoli\u201d"},"content":{"rendered":"<p>Acabo de receber a not\u00edcia que a sec\u00e7\u00e3o espanhola da &#8220;<strong><em>Uni\u00f3n Latina de Econom\u00eda Pol\u00edtica y de la Informaci\u00f3n, la Comunicaci\u00f3n y la Cultura<\/em><\/strong>&#8221; publicou um documento em apoio \u00e0 minha investiga\u00e7\u00e3o doutoral, condenando as amea\u00e7as de processo judicial que sofri por parte da Portugal Telecom.<\/p>\n<p>S\u00e3o coisas assim que nos estimulam cada vez mais a continuar um trabalho importante, que ajuda a passarmos a limpo a nossa sociedade. Agrade\u00e7o muito \u00e0 ULEPICC pela iniciativa. O apoio desta entidade \u00e9 de extrema import\u00e2ncia.<\/p>\n<p>O texto diz:<\/p>\n<blockquote>\n<p><em>La secci\u00f3n espa\u00f1ola de ULEPICC quiere manifestarse p\u00fablica y abiertamente por la defensa de la libertad de producci\u00f3n del conocimiento en el \u00e1mbito acad\u00e9mico, especialmente en el caso de la tesis defendida por S\u00e9rgio Denicoli, cuyo t\u00edtulo es &#8220;A implementa\u00e7\u00e3o da Televis\u00e3o Digital Terrestre em Portugal&#8221; y que vive la amenaza de un proceso judicial por parte de Portugal Telecom por incluir en su an\u00e1lisis un proceso de &#8220;captura regulatoria de la ANACOM por parte de Portugal Telecom, constituyendo a juicio de Transparencia Internacional, un acto de corrupci\u00f3n en tal procedimiento&#8221;\u00a0<\/em><\/p>\n<p><em>Esta reacci\u00f3n se encuadra en un escenario de constantes amenazas a la producci\u00f3n de conocimiento cient\u00edfico en el \u00e1mbito acad\u00e9mico, relacionada con os modos de consolidaci\u00f3n de las empresas privadas en la fase actual del capitalismo. Es merecedora de amplia indignaci\u00f3n del campo acad\u00e9mico de la Comuniczci\u00f3n, a trav\u00e9s de un modo de producci\u00f3n que se renueva y complejiza por la entrada de nuevos actores en tiempos de convergencia digital (empresas de telefon\u00eda e internet que se suman a radiodifusoras como distribuidores del contenido medi\u00e1tico).<\/em><\/p>\n<p><em>M\u00e1s all\u00e1 de nuestra contestaci\u00f3n p\u00fablica, es necesario comprender nuestros procesos de formaci\u00f3n de futuros profesionales para el \u00e1rea de Comunicaci\u00f3n y el propio papel pol\u00edtico del campo acad\u00e9mico de la Comunicaci\u00f3n en la consolidaci\u00f3n de la libertad de expresi\u00f3n y de producci\u00f3n de conocimiento en las sociedades democr\u00e1ticas, que se conducen en el respeto a los derechos humanos.<\/em><\/p>\n<p><em>Ratificamos nuestro apoyo a la Universidade do Minho, a la figura del reciente doctor S\u00e9rgio Denicoli y a su directora, la profesora Helena Sousa, por el est\u00edmulo a generar nuevas contribuciones necesarias para fortalecer el pensamiento cr\u00edtico en el campo de la Comunicaci\u00f3n. Ojal\u00e1 m\u00e1s iniciativas como estas florezcan en nuestras aulas.<\/em><\/p>\n<\/blockquote>\n<p>A informa\u00e7\u00e3o est\u00e1 no <a href=\"http:\/\/www.ulepicc.es\/component\/content\/article\/35-general\/176-adhesion-de-ulepicc-espana-al-manifiesto-de-apoyo-al-investigador-portugues-sergio-denicoli\">site da ULEPICC<\/a>.<\/p>\n<p>Filed under: <a href=\"http:\/\/tvdigital.wordpress.com\/category\/tv-digital\/\">TV digital<\/a>  <a rel=\"nofollow\" href=\"http:\/\/feeds.wordpress.com\/1.0\/gocomments\/tvdigital.wordpress.com\/2141\/\"><img decoding=\"async\" alt=\"\" border=\"0\" src=\"http:\/\/ptsat.net\/wp\/wp-content\/plugins\/wp-o-matic\/cache\/707c340914_2141.\" \/><\/a> <img loading=\"lazy\" decoding=\"async\" alt=\"\" border=\"0\" src=\"http:\/\/ptsat.net\/wp\/wp-content\/plugins\/wp-o-matic\/cache\/9175b5fd79_b-gif-host-tvdigital-wordpress.com&amp;blog=969299&amp;post=2141&amp;subd=tvdigital&amp;ref=&amp;feed=1\" width=\"1\" height=\"1\" \/><\/p>\n","protected":false},"excerpt":{"rendered":"<p>Acabo de receber a not\u00edcia que a sec\u00e7\u00e3o espanhola da &#8220;Uni\u00f3n Latina de Econom\u00eda Pol\u00edtica y de la Informaci\u00f3n, la Comunicaci\u00f3n y la Cultura&#8221; publicou um documento em apoio \u00e0 minha investiga\u00e7\u00e3o doutoral, condenando as amea\u00e7as de processo judicial que sofri por parte da Portugal Telecom. S\u00e3o coisas assim que nos estimulam cada vez mais [&hellip;]<\/p>\n","protected":false},"author":1,"featured_media":0,"comment_status":"open","ping_status":"1","sticky":false,"template":"","format":"standard","meta":{"footnotes":""},"categories":[2],"tags":[],"class_list":["post-33","post","type-post","status-publish","format-standard","hentry","category-noticias"],"_links":{"self":[{"href":"https:\/\/www.ptsat.net\/wp\/wp-json\/wp\/v2\/posts\/33","targetHints":{"allow":["GET"]}}],"collection":[{"href":"https:\/\/www.ptsat.net\/wp\/wp-json\/wp\/v2\/posts"}],"about":[{"href":"https:\/\/www.ptsat.net\/wp\/wp-json\/wp\/v2\/types\/post"}],"author":[{"embeddable":true,"href":"https:\/\/www.ptsat.net\/wp\/wp-json\/wp\/v2\/users\/1"}],"replies":[{"embeddable":true,"href":"https:\/\/www.ptsat.net\/wp\/wp-json\/wp\/v2\/comments?post=33"}],"version-history":[{"count":0,"href":"https:\/\/www.ptsat.net\/wp\/wp-json\/wp\/v2\/posts\/33\/revisions"}],"wp:attachment":[{"href":"https:\/\/www.ptsat.net\/wp\/wp-json\/wp\/v2\/media?parent=33"}],"wp:term":[{"taxonomy":"category","embeddable":true,"href":"https:\/\/www.ptsat.net\/wp\/wp-json\/wp\/v2\/categories?post=33"},{"taxonomy":"post_tag","embeddable":true,"href":"https:\/\/www.ptsat.net\/wp\/wp-json\/wp\/v2\/tags?post=33"}],"curies":[{"name":"wp","href":"https:\/\/api.w.org\/{rel}","templated":true}]}}