{"id":11696,"date":"2016-11-23T22:49:45","date_gmt":"2016-11-23T21:49:45","guid":{"rendered":"http:\/\/www.ptsat.net\/wp\/fc-porto-criticas-a-joao-capela-valem-novo-processo-do-conselho-de-disciplina\/"},"modified":"2016-11-23T22:49:45","modified_gmt":"2016-11-23T21:49:45","slug":"fc-porto-criticas-a-joao-capela-valem-novo-processo-do-conselho-de-disciplina","status":"publish","type":"post","link":"https:\/\/www.ptsat.net\/wp\/fc-porto-criticas-a-joao-capela-valem-novo-processo-do-conselho-de-disciplina\/","title":{"rendered":"FC PORTO Cr\u00edticas a Jo\u00e3o Capela valem novo processo do Conselho de Disciplina"},"content":{"rendered":"<div><!-- google_ad_section_start --><span><img decoding=\"async\" src=\"http:\/\/www.ptsat.net\/wp\/wp-content\/plugins\/wp-o-matic\/cache\/6d808f935b_joaocapelafcporto1.jpg\" border=\"0\" alt=\"\" \/><\/span><br \/>\n<span><b>Cr\u00edticas a Jo\u00e3o Capela valem novo processo do Conselho de Disciplina<\/b><\/span><\/p>\n<div><span><br \/>\n<\/span><\/div>\n<p><span>A SAD do FC Porto foi alvo de um segundo processo disciplinar por parte do Conselho de Disciplina da FPF e pelos mesmos motivos: as cr\u00edticas lavradas pelos azuis e brancos na sua newsletter di\u00e1ria, Drag\u00f5es Di\u00e1rio, \u00e0s arbitragens. <\/p>\n<p>O primeiro processo disciplinar ao FC Porto foi aberto pelo Conselho de Disciplina a 2 de novembro por \u00abafirma\u00e7\u00f5es respeitantes a agente de arbitragem e a \u00f3rg\u00e3o da Federa\u00e7\u00e3o Portuguesa\u00bb, estando o processo em an\u00e1lise e investiga\u00e7\u00e3o na Comiss\u00e3o de Instrutores da Liga. <\/p>\n<p>Na ter\u00e7a-feira, por via das sucessivas cr\u00edticas dos portistas \u00e0 arbitragem de Jo\u00e3o Capela no Chaves-FC Porto, para a Ta\u00e7a de Portugal, atrav\u00e9s do Drag\u00f5es Di\u00e1rio, o Conselho de Disciplina anunciou a abertura de um segundo inqu\u00e9rito disciplinar, que tamb\u00e9m foi enviado \u00e0 Comiss\u00e3o de Instrutores da Liga. <\/span><!-- google_ad_section_end --><\/div>\n","protected":false},"excerpt":{"rendered":"<p>Cr\u00edticas a Jo\u00e3o Capela valem novo processo do Conselho de Disciplina A SAD do FC Porto foi alvo de um segundo processo disciplinar por parte do Conselho de Disciplina da FPF e pelos mesmos motivos: as cr\u00edticas lavradas pelos azuis e brancos na sua newsletter di\u00e1ria, Drag\u00f5es Di\u00e1rio, \u00e0s arbitragens. O primeiro processo disciplinar ao [&hellip;]<\/p>\n","protected":false},"author":1,"featured_media":0,"comment_status":"open","ping_status":"1","sticky":false,"template":"","format":"standard","meta":{"footnotes":""},"categories":[2],"tags":[],"class_list":["post-11696","post","type-post","status-publish","format-standard","hentry","category-noticias"],"_links":{"self":[{"href":"https:\/\/www.ptsat.net\/wp\/wp-json\/wp\/v2\/posts\/11696","targetHints":{"allow":["GET"]}}],"collection":[{"href":"https:\/\/www.ptsat.net\/wp\/wp-json\/wp\/v2\/posts"}],"about":[{"href":"https:\/\/www.ptsat.net\/wp\/wp-json\/wp\/v2\/types\/post"}],"author":[{"embeddable":true,"href":"https:\/\/www.ptsat.net\/wp\/wp-json\/wp\/v2\/users\/1"}],"replies":[{"embeddable":true,"href":"https:\/\/www.ptsat.net\/wp\/wp-json\/wp\/v2\/comments?post=11696"}],"version-history":[{"count":0,"href":"https:\/\/www.ptsat.net\/wp\/wp-json\/wp\/v2\/posts\/11696\/revisions"}],"wp:attachment":[{"href":"https:\/\/www.ptsat.net\/wp\/wp-json\/wp\/v2\/media?parent=11696"}],"wp:term":[{"taxonomy":"category","embeddable":true,"href":"https:\/\/www.ptsat.net\/wp\/wp-json\/wp\/v2\/categories?post=11696"},{"taxonomy":"post_tag","embeddable":true,"href":"https:\/\/www.ptsat.net\/wp\/wp-json\/wp\/v2\/tags?post=11696"}],"curies":[{"name":"wp","href":"https:\/\/api.w.org\/{rel}","templated":true}]}}