{"id":11403,"date":"2016-11-10T13:45:44","date_gmt":"2016-11-10T12:45:44","guid":{"rendered":"http:\/\/www.ptsat.net\/wp\/tesla-confirma-gigafactory-na-europa\/"},"modified":"2016-11-10T13:45:44","modified_gmt":"2016-11-10T12:45:44","slug":"tesla-confirma-gigafactory-na-europa","status":"publish","type":"post","link":"https:\/\/www.ptsat.net\/wp\/tesla-confirma-gigafactory-na-europa\/","title":{"rendered":"Tesla confirma &quot;Gigafactory&quot; na Europa."},"content":{"rendered":"<div><!-- google_ad_section_start --><\/p>\n<div><b>F\u00e1brica n\u00e3o se limitar\u00e1 apenas \u00e0 produ\u00e7\u00e3o de baterias.<\/b><\/p>\n<p>\n<img decoding=\"async\" src=\"http:\/\/www.ptsat.net\/wp\/wp-content\/plugins\/wp-o-matic\/cache\/ad1e0dcd85_800.\" border=\"0\" alt=\"\" \/>\n<\/div>\n<p>\nO CEO da Tesla  Motors confirmou que a <acronym title=\"Google Page Ranking\">pr<\/acronym>\u00f3xima \u201cGigafactory\u201d ser\u00e1 na Europa. A  localiza\u00e7\u00e3o dever\u00e1 ser conhecida durante o <acronym title=\"Google Page Ranking\">pr<\/acronym>\u00f3ximo ano.<\/p>\n<p>  O an\u00fancio foi feito na sequ\u00eancia da compra da empresa alem\u00e3 Grohmann  Engineering, especialista em tecnologias de produ\u00e7\u00e3o automatizadas.<\/p>\n<p>  Sem adiantar detalhes, Elon Musk revelou revelou que a \u201cGigafactory\u201d  europeia n\u00e3o se limitar\u00e1 apenas \u00e0 produ\u00e7\u00e3o de baterias de i\u00f5es de l\u00edtio,  mas tamb\u00e9m \u00e0 produ\u00e7\u00e3o de ve\u00edculos el\u00e9tricos, nomeadamente o Model 3, o  muito aguardado <b>Tesla de 35 mil d\u00f3lares<\/b>.<\/p>\n<p>  <b>\u201cSer\u00e1 apenas uma quest\u00e3o de tempo at\u00e9 a Tesla contar com duas  ou tr\u00eas f\u00e1bricas na Europa respons\u00e1veis pela produ\u00e7\u00e3o de baterias e dos  <acronym title=\"Google Page Ranking\">pr<\/acronym>\u00f3prios ve\u00edculos el\u00e9tricos\u201d<\/b>, adiantou ainda Elon Musk.<\/p>\n<p>  A <b>primeira \u201cGigafactory\u201d<\/b> da  Tesla abriu portas no m\u00eas de julho, no Nevada. Trata-se simplesmente do  maior edif\u00edcio do planeta e tem uma \u00e1rea equivalente a 340 campos de  futebol.<\/p>\n<p>  A f\u00e1brica faz parte das ambi\u00e7\u00f5es do vision\u00e1rio fundador e CEO da  Tesla: uma enorme unidade de produ\u00e7\u00e3o de autom\u00f3veis e baterias de i\u00f5es  de l\u00edtio para ve\u00edculos el\u00e9tricos.<\/p>\n<p>Fonte: TVi24<!-- google_ad_section_end --><\/div>\n","protected":false},"excerpt":{"rendered":"<p>F\u00e1brica n\u00e3o se limitar\u00e1 apenas \u00e0 produ\u00e7\u00e3o de baterias. O CEO da Tesla Motors confirmou que a pr\u00f3xima \u201cGigafactory\u201d ser\u00e1 na Europa. A localiza\u00e7\u00e3o dever\u00e1 ser conhecida durante o pr\u00f3ximo ano. O an\u00fancio foi feito na sequ\u00eancia da compra da empresa alem\u00e3 Grohmann Engineering, especialista em tecnologias de produ\u00e7\u00e3o automatizadas. Sem adiantar detalhes, Elon Musk [&hellip;]<\/p>\n","protected":false},"author":1,"featured_media":0,"comment_status":"open","ping_status":"1","sticky":false,"template":"","format":"standard","meta":{"footnotes":""},"categories":[2],"tags":[],"class_list":["post-11403","post","type-post","status-publish","format-standard","hentry","category-noticias"],"_links":{"self":[{"href":"https:\/\/www.ptsat.net\/wp\/wp-json\/wp\/v2\/posts\/11403","targetHints":{"allow":["GET"]}}],"collection":[{"href":"https:\/\/www.ptsat.net\/wp\/wp-json\/wp\/v2\/posts"}],"about":[{"href":"https:\/\/www.ptsat.net\/wp\/wp-json\/wp\/v2\/types\/post"}],"author":[{"embeddable":true,"href":"https:\/\/www.ptsat.net\/wp\/wp-json\/wp\/v2\/users\/1"}],"replies":[{"embeddable":true,"href":"https:\/\/www.ptsat.net\/wp\/wp-json\/wp\/v2\/comments?post=11403"}],"version-history":[{"count":0,"href":"https:\/\/www.ptsat.net\/wp\/wp-json\/wp\/v2\/posts\/11403\/revisions"}],"wp:attachment":[{"href":"https:\/\/www.ptsat.net\/wp\/wp-json\/wp\/v2\/media?parent=11403"}],"wp:term":[{"taxonomy":"category","embeddable":true,"href":"https:\/\/www.ptsat.net\/wp\/wp-json\/wp\/v2\/categories?post=11403"},{"taxonomy":"post_tag","embeddable":true,"href":"https:\/\/www.ptsat.net\/wp\/wp-json\/wp\/v2\/tags?post=11403"}],"curies":[{"name":"wp","href":"https:\/\/api.w.org\/{rel}","templated":true}]}}