{"id":11381,"date":"2016-11-09T10:24:32","date_gmt":"2016-11-09T09:24:32","guid":{"rendered":"http:\/\/www.ptsat.net\/wp\/pedro-dias-entrega-se-a-policia-e-reclama-inocencia-leia-mais-pedro-dias-entrega-se-a-policia-e-reclama-inocencia\/"},"modified":"2016-11-09T10:24:32","modified_gmt":"2016-11-09T09:24:32","slug":"pedro-dias-entrega-se-a-policia-e-reclama-inocencia-leia-mais-pedro-dias-entrega-se-a-policia-e-reclama-inocencia","status":"publish","type":"post","link":"https:\/\/www.ptsat.net\/wp\/pedro-dias-entrega-se-a-policia-e-reclama-inocencia-leia-mais-pedro-dias-entrega-se-a-policia-e-reclama-inocencia\/","title":{"rendered":"Pedro Dias entrega-se \u00e0 pol\u00edcia e reclama inoc\u00eancia  Leia mais: Pedro Dias entrega-se \u00e0 pol\u00edcia e reclama inoc\u00eancia"},"content":{"rendered":"<div><!-- google_ad_section_start --><\/p>\n<div>\n<p>\n<img decoding=\"async\" src=\"http:\/\/www.ptsat.net\/wp\/wp-content\/plugins\/wp-o-matic\/cache\/8d8d925cc2_ng7828690.jpg\" border=\"0\" alt=\"\" \/><\/p>\n<\/div>\n<p><b>Pedro  Jo\u00e3o Dias entregou-se, esta ter\u00e7a-feira, \u00e0s autoridades policiais, na  casa de uma professora reformada, amiga da fam\u00edlia, em Arouca.<\/b><\/p>\n<p>A  deten\u00e7\u00e3o de &quot;Piloto&quot; foi concretizada pelas 21.45 horas e foi  acompanhada pela RTP, a pedido do <acronym title=\"Google Page Ranking\">pr<\/acronym>\u00f3prio fugitivo, para &quot;preservar a  seguran\u00e7a e integridade&quot;.<br \/>\nPedro Dias  ter\u00e1 feito chegar um bilhete a um familiar em que afirmava que se queria  entregar esta ter\u00e7a-feira, dia oito de novembro.<\/p>\n<p>Rui  Silva Leal e M\u00f3nica Quintela, advogados de Pedro Dias, combinaram com  Almeida Rodrigues, diretor nacional da Pol\u00edcia Judici\u00e1ria, a entrega,  com a condi\u00e7\u00e3o de ser filmada por aquela esta\u00e7\u00e3o televisiva,  alegadamente por ter receio do confronto com as autoridades.<!-- google_ad_section_end --><\/div>\n","protected":false},"excerpt":{"rendered":"<p>Pedro Jo\u00e3o Dias entregou-se, esta ter\u00e7a-feira, \u00e0s autoridades policiais, na casa de uma professora reformada, amiga da fam\u00edlia, em Arouca. A deten\u00e7\u00e3o de &quot;Piloto&quot; foi concretizada pelas 21.45 horas e foi acompanhada pela RTP, a pedido do pr\u00f3prio fugitivo, para &quot;preservar a seguran\u00e7a e integridade&quot;. Pedro Dias ter\u00e1 feito chegar um bilhete a um familiar [&hellip;]<\/p>\n","protected":false},"author":1,"featured_media":0,"comment_status":"open","ping_status":"1","sticky":false,"template":"","format":"standard","meta":{"footnotes":""},"categories":[2],"tags":[],"class_list":["post-11381","post","type-post","status-publish","format-standard","hentry","category-noticias"],"_links":{"self":[{"href":"https:\/\/www.ptsat.net\/wp\/wp-json\/wp\/v2\/posts\/11381","targetHints":{"allow":["GET"]}}],"collection":[{"href":"https:\/\/www.ptsat.net\/wp\/wp-json\/wp\/v2\/posts"}],"about":[{"href":"https:\/\/www.ptsat.net\/wp\/wp-json\/wp\/v2\/types\/post"}],"author":[{"embeddable":true,"href":"https:\/\/www.ptsat.net\/wp\/wp-json\/wp\/v2\/users\/1"}],"replies":[{"embeddable":true,"href":"https:\/\/www.ptsat.net\/wp\/wp-json\/wp\/v2\/comments?post=11381"}],"version-history":[{"count":0,"href":"https:\/\/www.ptsat.net\/wp\/wp-json\/wp\/v2\/posts\/11381\/revisions"}],"wp:attachment":[{"href":"https:\/\/www.ptsat.net\/wp\/wp-json\/wp\/v2\/media?parent=11381"}],"wp:term":[{"taxonomy":"category","embeddable":true,"href":"https:\/\/www.ptsat.net\/wp\/wp-json\/wp\/v2\/categories?post=11381"},{"taxonomy":"post_tag","embeddable":true,"href":"https:\/\/www.ptsat.net\/wp\/wp-json\/wp\/v2\/tags?post=11381"}],"curies":[{"name":"wp","href":"https:\/\/api.w.org\/{rel}","templated":true}]}}