{"id":10178,"date":"2016-08-30T15:57:56","date_gmt":"2016-08-30T14:57:56","guid":{"rendered":"http:\/\/www.ptsat.net\/wp\/futebol-joaquim-evangelista-deixa-aviso-a-bruno-de-carvalho-e-antonio-salvador\/"},"modified":"2016-08-30T15:57:56","modified_gmt":"2016-08-30T14:57:56","slug":"futebol-joaquim-evangelista-deixa-aviso-a-bruno-de-carvalho-e-antonio-salvador","status":"publish","type":"post","link":"https:\/\/www.ptsat.net\/wp\/futebol-joaquim-evangelista-deixa-aviso-a-bruno-de-carvalho-e-antonio-salvador\/","title":{"rendered":"FUTEBOL Joaquim Evangelista deixa aviso a Bruno de Carvalho e Ant\u00f3nio Salvador"},"content":{"rendered":"<div><!-- google_ad_section_start --><span><img decoding=\"async\" src=\"http:\/\/www.ptsat.net\/wp\/wp-content\/plugins\/wp-o-matic\/cache\/5e9267d0a5_joaquimevangelista2.jpg\" border=\"0\" alt=\"\" \/><\/span><br \/>\n<span><b>Joaquim Evangelista deixa aviso a Bruno de Carvalho e Ant\u00f3nio Salvador<\/b><\/span><\/p>\n<div><span><br \/>\n<\/span><\/div>\n<p><span>O presidente do Sindicato dos Jogadores, Joaquim Evangelista, comentou as pol\u00e9micas em torno das transfer\u00eancias de Adrien Silva e Rafa. Para o respons\u00e1vel, as duas situa\u00e7\u00f5es devem ser resolvidas com a boa vontade dos clubes, de modo a ser encontrada uma \u00absolu\u00e7\u00e3o \u00fatil\u00bb para todos.<\/p>\n<p>\u00abHavendo contratos eles devem ser honrados, mas tamb\u00e9m havendo propostas irrecus\u00e1veis e manifesta\u00e7\u00f5es de vontade dos jogadores de quererem uma nova oportunidade, deve haver um di\u00e1logo para isso acontecer normalmente. O que \u00e9 desej\u00e1vel \u00e9 que haja reciprocidade e eu estou convencido que o Sporting e o SC Braga v\u00e3o resolver esta situa\u00e7\u00e3o\u00bb, come\u00e7ou por referir presidente do Sindicato dos Jogadores, em entrevista \u00e0<i>R\u00e1dio Renascen\u00e7a<\/i>.<\/p>\n<p>Joaquim Evangelista deixou ainda um aviso a Bruno de Carvalho e Ant\u00f3nio Salvador, presidentes do Sporting e do SC Braga, respetivamente: \u00abO pior que poderia acontecer era ter dois jogadores com este estatuto, qualidade e talento a jogarem contrariados porque os seus dirigentes n\u00e3o arranjaram uma solu\u00e7\u00e3o positiva. Neste quadro o que se tem de fazer \u00e9 encontrar uma solu\u00e7\u00e3o \u00fatil ao clube e ao jogador\u00bb.<\/span><!-- google_ad_section_end --><\/div>\n","protected":false},"excerpt":{"rendered":"<p>Joaquim Evangelista deixa aviso a Bruno de Carvalho e Ant\u00f3nio Salvador O presidente do Sindicato dos Jogadores, Joaquim Evangelista, comentou as pol\u00e9micas em torno das transfer\u00eancias de Adrien Silva e Rafa. Para o respons\u00e1vel, as duas situa\u00e7\u00f5es devem ser resolvidas com a boa vontade dos clubes, de modo a ser encontrada uma \u00absolu\u00e7\u00e3o \u00fatil\u00bb para [&hellip;]<\/p>\n","protected":false},"author":1,"featured_media":0,"comment_status":"open","ping_status":"1","sticky":false,"template":"","format":"standard","meta":{"footnotes":""},"categories":[2],"tags":[],"class_list":["post-10178","post","type-post","status-publish","format-standard","hentry","category-noticias"],"_links":{"self":[{"href":"https:\/\/www.ptsat.net\/wp\/wp-json\/wp\/v2\/posts\/10178","targetHints":{"allow":["GET"]}}],"collection":[{"href":"https:\/\/www.ptsat.net\/wp\/wp-json\/wp\/v2\/posts"}],"about":[{"href":"https:\/\/www.ptsat.net\/wp\/wp-json\/wp\/v2\/types\/post"}],"author":[{"embeddable":true,"href":"https:\/\/www.ptsat.net\/wp\/wp-json\/wp\/v2\/users\/1"}],"replies":[{"embeddable":true,"href":"https:\/\/www.ptsat.net\/wp\/wp-json\/wp\/v2\/comments?post=10178"}],"version-history":[{"count":0,"href":"https:\/\/www.ptsat.net\/wp\/wp-json\/wp\/v2\/posts\/10178\/revisions"}],"wp:attachment":[{"href":"https:\/\/www.ptsat.net\/wp\/wp-json\/wp\/v2\/media?parent=10178"}],"wp:term":[{"taxonomy":"category","embeddable":true,"href":"https:\/\/www.ptsat.net\/wp\/wp-json\/wp\/v2\/categories?post=10178"},{"taxonomy":"post_tag","embeddable":true,"href":"https:\/\/www.ptsat.net\/wp\/wp-json\/wp\/v2\/tags?post=10178"}],"curies":[{"name":"wp","href":"https:\/\/api.w.org\/{rel}","templated":true}]}}